{"id":468,"date":"2021-02-12T01:10:41","date_gmt":"2021-02-11T23:10:41","guid":{"rendered":"https:\/\/en.democraticgourmet.com\/?p=468"},"modified":"2022-02-28T16:11:26","modified_gmt":"2022-02-28T14:11:26","slug":"sandwich","status":"publish","type":"post","link":"https:\/\/democraticgourmet.com\/it\/sandwich\/","title":{"rendered":"panini"},"content":{"rendered":"<p>Preparazione molto importante nella cucina moderna. Lo degustiamo quasi quotidianamente, a colazione, merenda, pranzo rapido o a volte cena. Il suo predominio \u00e8 globale e le sue variet\u00e0 innumerevoli.<\/p>\n\n\n\n<p>Nonostante la sua frequenza di consumo, per\u00f2, il panino ha ricevuto poca attenzione da parte della comunit\u00e0 culinaria, che ancora insiste nel disprezzare il cibo quotidiano. Ovviamente, i grandi \"chef\" dell'alta cucina mondiale considerano il panino troppo popolare e pensano che sia pi\u00f9 importante trattare con il fegato di salmone, i coglioni di vitello o le uova di riccio di mare<\/p>\n\n\n\n<p>Ma che cos'\u00e8 un panino?<br>\u00c8 la spazzatura confezionata che viene venduta nei \u201cbar\u201d dei treni?<br>\u00c8 il malsano disgusto con pane surgelato e salumi di qualit\u00e0 inferiore offerti dai fast food mondiali?<br>\u00c8 il misero \"toast\" offerto nelle mense, dove il formaggio resta congelato e il pane diventa nero?<\/p>\n\n\n\n<p>O potrebbe essere qualcos'altro?<br>Vediamo cosa ne dice la nostra amata wikipedia: <em>\"Il panino \u00e8 una forma di pane di piccola pezzatura tagliata in orizzontale e riempita con vari companatici, generalmente salumi, formaggi e insalata.\"<\/em>.<br>Pi\u00f9 o meno cosi definisce il panino il mio Larousse: <em>\u201cFette di pane, imburrate o non, con una fetta di formaggio, prosciutto ecc.\u201d<\/em><br>Solo questi sono panini? L'hamburger \u00e8 un panino o no? La piadina? \u2026\u2026\u2026\u2026\u2026\u2026\u2026\u2026\u2026.<\/p>\n\n\n\n<p><\/p>\n\n\n\n<p class=\"has-text-align-right\" style=\"font-size:15px\">(estratto dal lemma Panini del libro DG)<\/p>","protected":false},"excerpt":{"rendered":"<p>Preparazione molto importante nella cucina moderna. Lo degustiamo quasi quotidianamente, a colazione, merenda...<\/p>\n<div class=\"more-link-wrapper\"><a class=\"more-link\" href=\"https:\/\/democraticgourmet.com\/it\/sandwich\/\">Continue reading<span class=\"screen-reader-text\">panini<\/span><\/a><\/div>","protected":false},"author":1,"featured_media":858,"comment_status":"closed","ping_status":"closed","sticky":false,"template":"","format":"standard","meta":{"_monsterinsights_skip_tracking":false,"_monsterinsights_sitenote_active":false,"_monsterinsights_sitenote_note":"","_monsterinsights_sitenote_category":0,"footnotes":""},"categories":[470],"tags":[],"class_list":["post-468","post","type-post","status-publish","format-standard","has-post-thumbnail","hentry","category-ingredients","entry"],"yoast_head":"<!-- This site is optimized with the Yoast SEO plugin v27.1.1 - https:\/\/yoast.com\/product\/yoast-seo-wordpress\/ -->\n<title>sandwich - Democratic Gourmet<\/title>\n<meta name=\"robots\" content=\"index, follow, max-snippet:-1, max-image-preview:large, max-video-preview:-1\" \/>\n<link rel=\"canonical\" href=\"https:\/\/democraticgourmet.com\/it\/sandwich\/\" \/>\n<meta property=\"og:locale\" content=\"it_IT\" \/>\n<meta property=\"og:type\" content=\"article\" \/>\n<meta property=\"og:title\" content=\"sandwich - Democratic Gourmet\" \/>\n<meta property=\"og:description\" content=\"Very important preparation in modern cuisine. We taste it on an almost daily basis, as breakfast, snack, light lunch or dinner. Its dominance is global&#8230;\" \/>\n<meta property=\"og:url\" content=\"https:\/\/democraticgourmet.com\/it\/sandwich\/\" \/>\n<meta property=\"og:site_name\" content=\"Democratic Gourmet\" \/>\n<meta property=\"article:published_time\" content=\"2021-02-11T23:10:41+00:00\" \/>\n<meta property=\"article:modified_time\" content=\"2022-02-28T14:11:26+00:00\" \/>\n<meta property=\"og:image\" content=\"https:\/\/democraticgourmet.com\/wp-content\/uploads\/2021\/02\/Sandwich-amb-pa-sesam-negre-porc-fonoll-mozza-cireres-confi-salsa-germinats-i-patates-palla-8-1-scaled.jpg\" \/>\n\t<meta property=\"og:image:width\" content=\"2560\" \/>\n\t<meta property=\"og:image:height\" content=\"1707\" \/>\n\t<meta property=\"og:image:type\" content=\"image\/jpeg\" \/>\n<meta name=\"author\" content=\"admin\" \/>\n<meta name=\"twitter:card\" content=\"summary_large_image\" \/>\n<meta name=\"twitter:creator\" content=\"@DemGourmetCom\" \/>\n<meta name=\"twitter:site\" content=\"@DemGourmetCom\" \/>\n<meta name=\"twitter:label1\" content=\"Scritto da\" \/>\n\t<meta name=\"twitter:data1\" content=\"admin\" \/>\n\t<meta name=\"twitter:label2\" content=\"Tempo di lettura stimato\" \/>\n\t<meta name=\"twitter:data2\" content=\"2 minuti\" \/>\n<script type=\"application\/ld+json\" class=\"yoast-schema-graph\">{\"@context\":\"https:\/\/schema.org\",\"@graph\":[{\"@type\":\"Article\",\"@id\":\"https:\/\/democraticgourmet.com\/sandwich\/#article\",\"isPartOf\":{\"@id\":\"https:\/\/democraticgourmet.com\/sandwich\/\"},\"author\":{\"name\":\"admin\",\"@id\":\"https:\/\/democraticgourmet.com\/#\/schema\/person\/45de3a3f87898405cbed52de068f0ccd\"},\"headline\":\"sandwich\",\"datePublished\":\"2021-02-11T23:10:41+00:00\",\"dateModified\":\"2022-02-28T14:11:26+00:00\",\"mainEntityOfPage\":{\"@id\":\"https:\/\/democraticgourmet.com\/sandwich\/\"},\"wordCount\":256,\"publisher\":{\"@id\":\"https:\/\/democraticgourmet.com\/#organization\"},\"image\":{\"@id\":\"https:\/\/democraticgourmet.com\/sandwich\/#primaryimage\"},\"thumbnailUrl\":\"https:\/\/democraticgourmet.com\/wp-content\/uploads\/2021\/02\/Sandwich-amb-pa-sesam-negre-porc-fonoll-mozza-cireres-confi-salsa-germinats-i-patates-palla-8-1-scaled.jpg\",\"articleSection\":[\"Ingredients\"],\"inLanguage\":\"it-IT\"},{\"@type\":\"WebPage\",\"@id\":\"https:\/\/democraticgourmet.com\/sandwich\/\",\"url\":\"https:\/\/democraticgourmet.com\/sandwich\/\",\"name\":\"sandwich - Democratic Gourmet\",\"isPartOf\":{\"@id\":\"https:\/\/democraticgourmet.com\/#website\"},\"primaryImageOfPage\":{\"@id\":\"https:\/\/democraticgourmet.com\/sandwich\/#primaryimage\"},\"image\":{\"@id\":\"https:\/\/democraticgourmet.com\/sandwich\/#primaryimage\"},\"thumbnailUrl\":\"https:\/\/democraticgourmet.com\/wp-content\/uploads\/2021\/02\/Sandwich-amb-pa-sesam-negre-porc-fonoll-mozza-cireres-confi-salsa-germinats-i-patates-palla-8-1-scaled.jpg\",\"datePublished\":\"2021-02-11T23:10:41+00:00\",\"dateModified\":\"2022-02-28T14:11:26+00:00\",\"breadcrumb\":{\"@id\":\"https:\/\/democraticgourmet.com\/sandwich\/#breadcrumb\"},\"inLanguage\":\"it-IT\",\"potentialAction\":[{\"@type\":\"ReadAction\",\"target\":[\"https:\/\/democraticgourmet.com\/sandwich\/\"]}]},{\"@type\":\"ImageObject\",\"inLanguage\":\"it-IT\",\"@id\":\"https:\/\/democraticgourmet.com\/sandwich\/#primaryimage\",\"url\":\"https:\/\/democraticgourmet.com\/wp-content\/uploads\/2021\/02\/Sandwich-amb-pa-sesam-negre-porc-fonoll-mozza-cireres-confi-salsa-germinats-i-patates-palla-8-1-scaled.jpg\",\"contentUrl\":\"https:\/\/democraticgourmet.com\/wp-content\/uploads\/2021\/02\/Sandwich-amb-pa-sesam-negre-porc-fonoll-mozza-cireres-confi-salsa-germinats-i-patates-palla-8-1-scaled.jpg\",\"width\":2560,\"height\":1707},{\"@type\":\"BreadcrumbList\",\"@id\":\"https:\/\/democraticgourmet.com\/sandwich\/#breadcrumb\",\"itemListElement\":[{\"@type\":\"ListItem\",\"position\":1,\"name\":\"Home\",\"item\":\"https:\/\/democraticgourmet.com\/\"},{\"@type\":\"ListItem\",\"position\":2,\"name\":\"sandwich\"}]},{\"@type\":\"WebSite\",\"@id\":\"https:\/\/democraticgourmet.com\/#website\",\"url\":\"https:\/\/democraticgourmet.com\/\",\"name\":\"Democratic Gourmet\",\"description\":\"\",\"publisher\":{\"@id\":\"https:\/\/democraticgourmet.com\/#organization\"},\"potentialAction\":[{\"@type\":\"SearchAction\",\"target\":{\"@type\":\"EntryPoint\",\"urlTemplate\":\"https:\/\/democraticgourmet.com\/?s={search_term_string}\"},\"query-input\":{\"@type\":\"PropertyValueSpecification\",\"valueRequired\":true,\"valueName\":\"search_term_string\"}}],\"inLanguage\":\"it-IT\"},{\"@type\":\"Organization\",\"@id\":\"https:\/\/democraticgourmet.com\/#organization\",\"name\":\"Democratic Gourmet\",\"url\":\"https:\/\/democraticgourmet.com\/\",\"logo\":{\"@type\":\"ImageObject\",\"inLanguage\":\"it-IT\",\"@id\":\"https:\/\/democraticgourmet.com\/#\/schema\/logo\/image\/\",\"url\":\"https:\/\/democraticgourmet.com\/wp-content\/uploads\/2022\/03\/cropped-DG_LOGO_LIGHTpLacement1200x1200.jpg\",\"contentUrl\":\"https:\/\/democraticgourmet.com\/wp-content\/uploads\/2022\/03\/cropped-DG_LOGO_LIGHTpLacement1200x1200.jpg\",\"width\":1199,\"height\":1200,\"caption\":\"Democratic Gourmet\"},\"image\":{\"@id\":\"https:\/\/democraticgourmet.com\/#\/schema\/logo\/image\/\"},\"sameAs\":[\"https:\/\/x.com\/DemGourmetCom\",\"https:\/\/www.instagram.com\/democraticgourmet\"]},{\"@type\":\"Person\",\"@id\":\"https:\/\/democraticgourmet.com\/#\/schema\/person\/45de3a3f87898405cbed52de068f0ccd\",\"name\":\"admin\",\"image\":{\"@type\":\"ImageObject\",\"inLanguage\":\"it-IT\",\"@id\":\"https:\/\/democraticgourmet.com\/#\/schema\/person\/image\/\",\"url\":\"https:\/\/secure.gravatar.com\/avatar\/46852e423d1ef24c31afcb92efb8d4f92eb96ad48effe7492650554b0c41bc54?s=96&d=mm&r=g\",\"contentUrl\":\"https:\/\/secure.gravatar.com\/avatar\/46852e423d1ef24c31afcb92efb8d4f92eb96ad48effe7492650554b0c41bc54?s=96&d=mm&r=g\",\"caption\":\"admin\"},\"sameAs\":[\"https:\/\/en.democraticgourmet.com\"],\"url\":\"https:\/\/democraticgourmet.com\/it\/author\/katerinagiannelaki_6rc05pli\/\"}]}<\/script>\n<!-- \/ Yoast SEO plugin. -->","yoast_head_json":{"title":"sandwich - Democratic Gourmet","robots":{"index":"index","follow":"follow","max-snippet":"max-snippet:-1","max-image-preview":"max-image-preview:large","max-video-preview":"max-video-preview:-1"},"canonical":"https:\/\/democraticgourmet.com\/it\/sandwich\/","og_locale":"it_IT","og_type":"article","og_title":"sandwich - Democratic Gourmet","og_description":"Very important preparation in modern cuisine. We taste it on an almost daily basis, as breakfast, snack, light lunch or dinner. Its dominance is global&#8230;","og_url":"https:\/\/democraticgourmet.com\/it\/sandwich\/","og_site_name":"Democratic Gourmet","article_published_time":"2021-02-11T23:10:41+00:00","article_modified_time":"2022-02-28T14:11:26+00:00","og_image":[{"width":2560,"height":1707,"url":"https:\/\/democraticgourmet.com\/wp-content\/uploads\/2021\/02\/Sandwich-amb-pa-sesam-negre-porc-fonoll-mozza-cireres-confi-salsa-germinats-i-patates-palla-8-1-scaled.jpg","type":"image\/jpeg"}],"author":"admin","twitter_card":"summary_large_image","twitter_creator":"@DemGourmetCom","twitter_site":"@DemGourmetCom","twitter_misc":{"Scritto da":"admin","Tempo di lettura stimato":"2 minuti"},"schema":{"@context":"https:\/\/schema.org","@graph":[{"@type":"Article","@id":"https:\/\/democraticgourmet.com\/sandwich\/#article","isPartOf":{"@id":"https:\/\/democraticgourmet.com\/sandwich\/"},"author":{"name":"admin","@id":"https:\/\/democraticgourmet.com\/#\/schema\/person\/45de3a3f87898405cbed52de068f0ccd"},"headline":"sandwich","datePublished":"2021-02-11T23:10:41+00:00","dateModified":"2022-02-28T14:11:26+00:00","mainEntityOfPage":{"@id":"https:\/\/democraticgourmet.com\/sandwich\/"},"wordCount":256,"publisher":{"@id":"https:\/\/democraticgourmet.com\/#organization"},"image":{"@id":"https:\/\/democraticgourmet.com\/sandwich\/#primaryimage"},"thumbnailUrl":"https:\/\/democraticgourmet.com\/wp-content\/uploads\/2021\/02\/Sandwich-amb-pa-sesam-negre-porc-fonoll-mozza-cireres-confi-salsa-germinats-i-patates-palla-8-1-scaled.jpg","articleSection":["Ingredients"],"inLanguage":"it-IT"},{"@type":"WebPage","@id":"https:\/\/democraticgourmet.com\/sandwich\/","url":"https:\/\/democraticgourmet.com\/sandwich\/","name":"sandwich - Democratic Gourmet","isPartOf":{"@id":"https:\/\/democraticgourmet.com\/#website"},"primaryImageOfPage":{"@id":"https:\/\/democraticgourmet.com\/sandwich\/#primaryimage"},"image":{"@id":"https:\/\/democraticgourmet.com\/sandwich\/#primaryimage"},"thumbnailUrl":"https:\/\/democraticgourmet.com\/wp-content\/uploads\/2021\/02\/Sandwich-amb-pa-sesam-negre-porc-fonoll-mozza-cireres-confi-salsa-germinats-i-patates-palla-8-1-scaled.jpg","datePublished":"2021-02-11T23:10:41+00:00","dateModified":"2022-02-28T14:11:26+00:00","breadcrumb":{"@id":"https:\/\/democraticgourmet.com\/sandwich\/#breadcrumb"},"inLanguage":"it-IT","potentialAction":[{"@type":"ReadAction","target":["https:\/\/democraticgourmet.com\/sandwich\/"]}]},{"@type":"ImageObject","inLanguage":"it-IT","@id":"https:\/\/democraticgourmet.com\/sandwich\/#primaryimage","url":"https:\/\/democraticgourmet.com\/wp-content\/uploads\/2021\/02\/Sandwich-amb-pa-sesam-negre-porc-fonoll-mozza-cireres-confi-salsa-germinats-i-patates-palla-8-1-scaled.jpg","contentUrl":"https:\/\/democraticgourmet.com\/wp-content\/uploads\/2021\/02\/Sandwich-amb-pa-sesam-negre-porc-fonoll-mozza-cireres-confi-salsa-germinats-i-patates-palla-8-1-scaled.jpg","width":2560,"height":1707},{"@type":"BreadcrumbList","@id":"https:\/\/democraticgourmet.com\/sandwich\/#breadcrumb","itemListElement":[{"@type":"ListItem","position":1,"name":"Home","item":"https:\/\/democraticgourmet.com\/"},{"@type":"ListItem","position":2,"name":"sandwich"}]},{"@type":"WebSite","@id":"https:\/\/democraticgourmet.com\/#website","url":"https:\/\/democraticgourmet.com\/","name":"Democratic Gourmet","description":"","publisher":{"@id":"https:\/\/democraticgourmet.com\/#organization"},"potentialAction":[{"@type":"SearchAction","target":{"@type":"EntryPoint","urlTemplate":"https:\/\/democraticgourmet.com\/?s={search_term_string}"},"query-input":{"@type":"PropertyValueSpecification","valueRequired":true,"valueName":"search_term_string"}}],"inLanguage":"it-IT"},{"@type":"Organization","@id":"https:\/\/democraticgourmet.com\/#organization","name":"Democratic Gourmet","url":"https:\/\/democraticgourmet.com\/","logo":{"@type":"ImageObject","inLanguage":"it-IT","@id":"https:\/\/democraticgourmet.com\/#\/schema\/logo\/image\/","url":"https:\/\/democraticgourmet.com\/wp-content\/uploads\/2022\/03\/cropped-DG_LOGO_LIGHTpLacement1200x1200.jpg","contentUrl":"https:\/\/democraticgourmet.com\/wp-content\/uploads\/2022\/03\/cropped-DG_LOGO_LIGHTpLacement1200x1200.jpg","width":1199,"height":1200,"caption":"Democratic Gourmet"},"image":{"@id":"https:\/\/democraticgourmet.com\/#\/schema\/logo\/image\/"},"sameAs":["https:\/\/x.com\/DemGourmetCom","https:\/\/www.instagram.com\/democraticgourmet"]},{"@type":"Person","@id":"https:\/\/democraticgourmet.com\/#\/schema\/person\/45de3a3f87898405cbed52de068f0ccd","name":"admin","image":{"@type":"ImageObject","inLanguage":"it-IT","@id":"https:\/\/democraticgourmet.com\/#\/schema\/person\/image\/","url":"https:\/\/secure.gravatar.com\/avatar\/46852e423d1ef24c31afcb92efb8d4f92eb96ad48effe7492650554b0c41bc54?s=96&d=mm&r=g","contentUrl":"https:\/\/secure.gravatar.com\/avatar\/46852e423d1ef24c31afcb92efb8d4f92eb96ad48effe7492650554b0c41bc54?s=96&d=mm&r=g","caption":"admin"},"sameAs":["https:\/\/en.democraticgourmet.com"],"url":"https:\/\/democraticgourmet.com\/it\/author\/katerinagiannelaki_6rc05pli\/"}]}},"_links":{"self":[{"href":"https:\/\/democraticgourmet.com\/it\/wp-json\/wp\/v2\/posts\/468","targetHints":{"allow":["GET"]}}],"collection":[{"href":"https:\/\/democraticgourmet.com\/it\/wp-json\/wp\/v2\/posts"}],"about":[{"href":"https:\/\/democraticgourmet.com\/it\/wp-json\/wp\/v2\/types\/post"}],"author":[{"embeddable":true,"href":"https:\/\/democraticgourmet.com\/it\/wp-json\/wp\/v2\/users\/1"}],"replies":[{"embeddable":true,"href":"https:\/\/democraticgourmet.com\/it\/wp-json\/wp\/v2\/comments?post=468"}],"version-history":[{"count":5,"href":"https:\/\/democraticgourmet.com\/it\/wp-json\/wp\/v2\/posts\/468\/revisions"}],"predecessor-version":[{"id":6776,"href":"https:\/\/democraticgourmet.com\/it\/wp-json\/wp\/v2\/posts\/468\/revisions\/6776"}],"wp:featuredmedia":[{"embeddable":true,"href":"https:\/\/democraticgourmet.com\/it\/wp-json\/wp\/v2\/media\/858"}],"wp:attachment":[{"href":"https:\/\/democraticgourmet.com\/it\/wp-json\/wp\/v2\/media?parent=468"}],"wp:term":[{"taxonomy":"category","embeddable":true,"href":"https:\/\/democraticgourmet.com\/it\/wp-json\/wp\/v2\/categories?post=468"},{"taxonomy":"post_tag","embeddable":true,"href":"https:\/\/democraticgourmet.com\/it\/wp-json\/wp\/v2\/tags?post=468"}],"curies":[{"name":"wp","href":"https:\/\/api.w.org\/{rel}","templated":true}]}}